{"id":268,"date":"2019-01-17T11:54:01","date_gmt":"2019-01-17T11:54:01","guid":{"rendered":"http:\/\/www.vystavafretek.cz\/?p=268"},"modified":"2019-01-17T11:54:55","modified_gmt":"2019-01-17T11:54:55","slug":"jak-se-na-vystavu-dostanete","status":"publish","type":"post","link":"https:\/\/www.vystavafretek.cz\/index.php\/2019\/01\/17\/jak-se-na-vystavu-dostanete\/","title":{"rendered":"Jak se na v\u00fdstavu dostanete"},"content":{"rendered":"<p>V\u00fdstavu po\u0159\u00e1d\u00e1me standardn\u011b v prostor\u00e1ch volno\u010dasov\u00e9ho centra Lu\u017e\u00e1nky na Lidick\u00e9 ulici. Jedn\u00e1 se o stavbu um\u00edst\u011bnou uprost\u0159ed parku a p\u0159ipom\u00ednaj\u00edc\u00ed l\u00e1ze\u0148sk\u00fd pavilon.<\/p>\n<p>Nejp\u0159\u00edzniv\u011bj\u0161\u00ed zp\u016fsob cestov\u00e1n\u00ed po Brn\u011b je vyu\u017eit\u00ed MHD. Na kraji lu\u017e\u00e1neck\u00e9ho parku se nach\u00e1z\u00ed zast\u00e1vka Anton\u00ednsk\u00e1, z n\u00ed\u017e\u00a0 volnou ch\u016fz\u00ed do dvou t\u0159\u00ed minut k centru dojdete. Na zast\u00e1vce Anton\u00ednsk\u00e1 stav\u00ed \u0161aliny (pro mimobrn\u011bnsk\u00e9 &#8222;tramvaje&#8220;) s \u010d\u00edslem 1 a 6. Cesta ze zast\u00e1vky Hlavn\u00ed n\u00e1dra\u017e\u00ed trv\u00e1 cca 10 minut.<\/p>\n<p>P\u0159ed budovou se ned\u00e1 parkovat a tento prostor pom\u011brn\u011b \u010dasto kontroluje M\u011bstsk\u00e1 policie. Proto pokud p\u0159ijedete autem, doporu\u010dujeme po vylo\u017een\u00ed v\u011bc\u00ed co nejrychleji odjet. V okoln\u00edch ulic\u00edch se d\u00e1 zaparkovat velice sporadicky, proto je na zv\u00e1\u017een\u00ed, zda vyu\u017e\u00edt parkovac\u00ed d\u016fm u Jan\u00e1\u010dkova divadla nebo p\u0159\u00edpadn\u011b zkusit zaparkovat u nedalek\u00e9ho zimn\u00edho stadionu.<\/p>\n<p>Do Brna se dostanete pohodln\u011b d\u00e1lkov\u00fdm autobusem, nap\u0159. RegioJet. Nebo vlakem. V sou\u010dasn\u00e9 dob\u011b je z naprost\u00e9 v\u011bt\u0161iny omezeno fungov\u00e1n\u00ed vlakov\u00e9ho Hlavn\u00edho n\u00e1dra\u017e\u00ed a v z\u00e1vislosti na tom, z jak\u00e9ho sm\u011bru do Brna p\u0159ijedete, je t\u0159eba vystoupit bu\u010f Doln\u00edm n\u00e1dra\u017e\u00ed, nebo N\u00e1dra\u017e\u00ed \u017didenice a do centra se dopravit <a href=\"https:\/\/www.idsjmk.cz\/kestazeni\/VVVB2018.pdf\">MHD<\/a>.<\/p>\n<p><img loading=\"lazy\" decoding=\"async\" class=\"size-full wp-image-269 aligncenter\" src=\"http:\/\/www.vystavafretek.cz\/wp-content\/uploads\/2019\/01\/Luzanky_lidicka.jpg\" alt=\"\" width=\"220\" height=\"137\" \/><\/p>\n<p>&nbsp;<\/p>\n<p>&nbsp;<\/p>\n<p>&nbsp;<\/p>\n<!--themify_builder_content-->\r\n<div id=\"themify_builder_content-268\" data-postid=\"268\" class=\"themify_builder_content themify_builder_content-268 themify_builder tf_clear\">\r\n    <\/div>\r\n<!--\/themify_builder_content-->\r\n","protected":false},"excerpt":{"rendered":"<p>V\u00fdstavu po\u0159\u00e1d\u00e1me standardn\u011b v prostor\u00e1ch volno\u010dasov\u00e9ho centra Lu\u017e\u00e1nky na Lidick\u00e9 ulici. Jedn\u00e1 se o stavbu um\u00edst\u011bnou uprost\u0159ed parku a p\u0159ipom\u00ednaj\u00edc\u00ed l\u00e1ze\u0148sk\u00fd pavilon. Nejp\u0159\u00edzniv\u011bj\u0161\u00ed zp\u016fsob cestov\u00e1n\u00ed po Brn\u011b je vyu\u017eit\u00ed MHD. Na kraji lu\u017e\u00e1neck\u00e9ho parku se nach\u00e1z\u00ed zast\u00e1vka Anton\u00ednsk\u00e1, z n\u00ed\u017e\u00a0 volnou ch\u016fz\u00ed do dvou t\u0159\u00ed minut k centru dojdete. Na zast\u00e1vce Anton\u00ednsk\u00e1 stav\u00ed \u0161aliny (pro&hellip;&nbsp;<a href=\"https:\/\/www.vystavafretek.cz\/index.php\/2019\/01\/17\/jak-se-na-vystavu-dostanete\/\" class=\"\" rel=\"bookmark\">\u010c\u00edst d\u00e1le &raquo;<span class=\"screen-reader-text\">Jak se na v\u00fdstavu dostanete<\/span><\/a><\/p>\n","protected":false},"author":1,"featured_media":0,"comment_status":"closed","ping_status":"open","sticky":false,"template":"","format":"standard","meta":{"neve_meta_sidebar":"","neve_meta_container":"","neve_meta_enable_content_width":"","neve_meta_content_width":0,"neve_meta_title_alignment":"","neve_meta_author_avatar":"","neve_post_elements_order":"","neve_meta_disable_header":"","neve_meta_disable_footer":"","neve_meta_disable_title":"","footnotes":""},"categories":[1],"tags":[],"class_list":["post-268","post","type-post","status-publish","format-standard","hentry","category-uncategorized"],"builder_content":"","_links":{"self":[{"href":"https:\/\/www.vystavafretek.cz\/index.php\/wp-json\/wp\/v2\/posts\/268","targetHints":{"allow":["GET"]}}],"collection":[{"href":"https:\/\/www.vystavafretek.cz\/index.php\/wp-json\/wp\/v2\/posts"}],"about":[{"href":"https:\/\/www.vystavafretek.cz\/index.php\/wp-json\/wp\/v2\/types\/post"}],"author":[{"embeddable":true,"href":"https:\/\/www.vystavafretek.cz\/index.php\/wp-json\/wp\/v2\/users\/1"}],"replies":[{"embeddable":true,"href":"https:\/\/www.vystavafretek.cz\/index.php\/wp-json\/wp\/v2\/comments?post=268"}],"version-history":[{"count":3,"href":"https:\/\/www.vystavafretek.cz\/index.php\/wp-json\/wp\/v2\/posts\/268\/revisions"}],"predecessor-version":[{"id":272,"href":"https:\/\/www.vystavafretek.cz\/index.php\/wp-json\/wp\/v2\/posts\/268\/revisions\/272"}],"wp:attachment":[{"href":"https:\/\/www.vystavafretek.cz\/index.php\/wp-json\/wp\/v2\/media?parent=268"}],"wp:term":[{"taxonomy":"category","embeddable":true,"href":"https:\/\/www.vystavafretek.cz\/index.php\/wp-json\/wp\/v2\/categories?post=268"},{"taxonomy":"post_tag","embeddable":true,"href":"https:\/\/www.vystavafretek.cz\/index.php\/wp-json\/wp\/v2\/tags?post=268"}],"curies":[{"name":"wp","href":"https:\/\/api.w.org\/{rel}","templated":true}]}}