{"id":26,"date":"2018-09-26T14:09:45","date_gmt":"2018-09-26T14:09:45","guid":{"rendered":"http:\/\/www.vystavafretek.cz\/?p=26"},"modified":"2023-02-17T11:19:46","modified_gmt":"2023-02-17T11:19:46","slug":"pro-vystavovatele","status":"publish","type":"post","link":"https:\/\/www.vystavafretek.cz\/index.php\/2018\/09\/26\/pro-vystavovatele\/","title":{"rendered":"Pro vystavovatele\/ky"},"content":{"rendered":"<!--themify_builder_content-->\r\n<div id=\"themify_builder_content-26\" data-postid=\"26\" class=\"themify_builder_content themify_builder_content-26 themify_builder tf_clear\">\r\n    \t\t\t<!-- module_row -->\r\n\t<div  data-lazy=\"1\" class=\"module_row themify_builder_row tb_2rec620 tb_first tf_w tf_clearfix\">\r\n\t    \t\t\t<div class=\"row_inner col_align_top tb_col_count_1 tf_box tf_rel\">\r\n\t\t            <div  data-lazy=\"1\" class=\"module_column tb-column col-full tb_1jm0621 first\">\r\n                                                        <div class=\"tb-column-inner tf_box tf_w\">\r\n                        <!-- module text -->\r\n<div  class=\"module module-text tb_sk4n912   \" data-lazy=\"1\">\r\n        <div  class=\"tb_text_wrap\">\r\n    <p><a href=\"https:\/\/www.vystavafretek.cz\/index.php\/2018\/09\/26\/pro-vystavovatele\/\">CZE<\/a> \/ <a href=\"https:\/\/www.vystavafretek.cz\/index.php\/2022\/08\/31\/information-for-exhibitors\/\">EN<\/a><\/p>    <\/div>\r\n<\/div>\r\n<!-- \/module text --><!-- module text -->\r\n<div  class=\"module module-text tb_f0lk152   \" data-lazy=\"1\">\r\n        <div  class=\"tb_text_wrap\">\r\n    <h2>Informace pro vystavovatele\/ky<\/h2>\n<p>Fretka mus\u00ed m\u00edt o\u010dkovac\u00ed pr\u016fkaz nebo mezin\u00e1rodn\u00ed pas zv\u00ed\u0159ete a b\u00fdt \u0159\u00e1dn\u011b o\u010dkovan\u00e1 proti vzteklin\u011b a proti psince. O\u010dkov\u00e1n\u00ed mus\u00ed b\u00fdt minim\u00e1ln\u011b 1 m\u011bs\u00edc a maxim\u00e1ln\u011b 1 rok star\u00e9 a platn\u00e9 v term\u00ednu v\u00fdstavy.\u00a0<\/p>\n<p>U \u010desk\u00fdch fretek v kategorii senior, kter\u00e1 byla cel\u00fd \u017eivot doposud o\u010dkov\u00e1na dle standardn\u00edho o\u010dkovac\u00edho sch\u00e9matu, akceptujeme v\u00fdjimku z o\u010dkov\u00e1n\u00ed proti vzteklin\u011b. Obdobn\u011b tak\u00e9 tolerujeme o\u010dkov\u00e1n\u00ed tzv. t\u0159\u00edletou vakc\u00ednou proti vzteklin\u011b. Z\u00e1rove\u0148 ale upozor\u0148ujeme, \u017ee studie prokazuj\u00edc\u00ed efekt vakc\u00edny po takovou dobu u fretek st\u00e1le nebyly provedeny (minim\u00e1ln\u011b u Biocanu). Fretky s reakc\u00ed na vakcinaci potvrzenou veterin\u00e1\u0159em samoz\u0159ejm\u011b p\u0159ijmeme taky.<\/p>\n<p>Ka\u017ed\u00e1 z\u00fa\u010dastn\u011bn\u00e1 fretka v\u010detn\u011b nevystavovan\u00fdch mus\u00ed m\u00edt v o\u010dkovac\u00edm pr\u016fkazu n\u00e1sleduj\u00edc\u00ed potvrzen\u00ed od sv\u00e9ho veterin\u00e1\u0159e maxim\u00e1ln\u011b 3 dny star\u00e9:<\/p>\n<ul>\n<li>veterin\u00e1rn\u00ed osv\u011bd\u010den\u00ed o klinick\u00e9m zdrav\u00ed fretky<\/li>\n<li>veterin\u00e1rn\u00ed vy\u0161et\u0159en\u00ed na p\u0159\u00edtomnost u\u0161n\u00edho svrabu, mus\u00ed zde b\u00fdt doslova uvedeno \u201evy\u0161et\u0159en\u00ed na u\u0161n\u00ed svrab je negativn\u00ed\u201c.<\/li>\n<\/ul>\n<p>Fretky, kter\u00e9 maj\u00ed vir\u00f3zu, pr\u016fjem, jsou pozitivn\u00ed na virus ECE, jsou gravidn\u00ed d\u00e9le jak 14 dn\u00ed \u010di maj\u00ed nezhojen\u00e9 opera\u010dn\u00ed r\u00e1ny, na v\u00fdstavu v jejich vlastn\u00edm zdravotn\u00edm z\u00e1jmu i zdravotn\u00edm z\u00e1jmu ostatn\u00edch \u00fa\u010dastn\u00edk\u016f, neberte. Fretce, kter\u00e1 neprojde vstupn\u00ed veterin\u00e1rn\u00ed prohl\u00eddkou, nebude umo\u017en\u011bna \u00fa\u010dast na v\u00fdstav\u011b bez n\u00e1hrady.<\/p>\n<p>Vystavuj\u00edc\u00ed se v den v\u00fdstavy dostav\u00ed na veterin\u00e1rn\u00ed p\u0159ej\u00edmku v \u010dase 8.30-9.30 p\u0159ed ofici\u00e1ln\u00edm zah\u00e1jen\u00edm v\u00fdstavy ke kontrole zdravotn\u00edho stavu vystavovan\u00fdch fretek.<\/p>\n<p>Doporu\u010dujeme, aby fretky m\u011bly \u010d\u00edslo v plemenn\u00e9 knize jak\u00e9hokoliv evropsk\u00e9ho klubu. Jedn\u00e1 se o nezbytnou podm\u00ednku pro uchovn\u011bn\u00ed fretky. V souladu s na\u0159\u00edzen\u00edm EU \u010d. 576\/2013 o neobchodn\u00edch p\u0159esunech zv\u00ed\u0159at v z\u00e1jmov\u00e9m chovu, vy\u017eadujeme u zahrani\u010dn\u00edch \u00fa\u010dastn\u00edk\u016f \u010dip a mezin\u00e1rodn\u00ed pas.<\/p>\n<p>Uchov\u0148ov\u00e1n\u00ed ostatn\u00edmi organizacemi b\u011bhem v\u00fdstavy bez p\u0159ede\u0161l\u00e9 domluvy nen\u00ed povoleno. Pokud bude organiz\u00e1torkami zji\u0161t\u011bno, budou vy\u017eadovat finan\u010dn\u00ed kompenzaci.<\/p>\n<p>V pr\u016fb\u011bhu v\u00fdstavy nen\u00ed dovoleno nakr\u00fdv\u00e1n\u00ed fretek. M\u016f\u017eete si zde ov\u0161em vybrat chovn\u00e9ho partnera pro svou fretku.<\/p>\n<p>Sv\u00e1 ostatn\u00ed zv\u00ed\u0159ata zanechte, pros\u00edm, doma. Nebudou do prostor kon\u00e1n\u00ed v\u00fdstavy vpu\u0161t\u011bna.<\/p>\n<p>Po\u0159adatel\u00e9 v\u00fdstavy neodpov\u00eddaj\u00ed za \u0161kody zp\u016fsoben\u00e9 vystavovatelem \u010di jeho zv\u00ed\u0159aty. Krom\u011b doby, v n\u00ed\u017e je fretka posuzovan\u00e1 porotcem, po\u0159adatel\u00e9 neodpov\u00eddaj\u00ed za poran\u011bn\u00ed, \u00fahyn nebo ztr\u00e1tu zv\u00ed\u0159ete.<\/p>\n<p>Vystavovatel je povinen si po dobu kon\u00e1n\u00ed v\u00fdstavy zabezpe\u010dit sv\u00e9 fretky tak, aby nedoch\u00e1zelo ke vz\u00e1jemn\u00e9mu napad\u00e1n\u00ed \u010di poran\u011bn\u00ed jin\u00fdch fretek \u010di osob.<\/p>\n<p>V p\u0159\u00edpad\u011b, \u017ee se v\u00fdstava z objektivn\u00edch p\u0159\u00ed\u010din nebude konat, poplatky budou pou\u017eity k \u00fahrad\u011b n\u00e1klad\u016f na v\u00fdstavu.<strong><br><\/strong><\/p>    <\/div>\r\n<\/div>\r\n<!-- \/module text --><!-- module buttons -->\r\n<div  class=\"module module-buttons tb_2she794 buttons-horizontal solid  hide-desktop hide-tablet hide-tablet_landscape hide-mobile small circle\" data-lazy=\"1\">\r\n    \t<div class=\"module-buttons-item tf_inline_b\">\r\n\t\t\t\t\t\t\t<a href=\"https:\/\/forms.gle\/4ySjfAqzMipwpF1R9\" class=\"ui builder_button black\" target=\"_blank\" rel=\"noopener\">\r\n\t\t\t\t\t\t\t\t\t\t\t<span class=\"tf_inline_b tf_vmiddle\">P\u0158IHL\u00c1SIT SE<\/span>\r\n\t\t\t\t\t\t\t\t\t\t\t<\/a>\r\n\t\t\t    \t<\/div>\r\n    <\/div>\r\n<!-- \/module buttons -->\r\n                    <\/div>\r\n                            <\/div>\r\n            \t    <\/div>\r\n\t    <!-- \/row_inner -->\r\n\t<\/div>\r\n\t<!-- \/module_row -->\r\n\t<\/div>\r\n<!--\/themify_builder_content-->","protected":false},"excerpt":{"rendered":"<p>CZE \/ EN<\/p>\n","protected":false},"author":1,"featured_media":0,"comment_status":"closed","ping_status":"open","sticky":false,"template":"","format":"standard","meta":{"neve_meta_sidebar":"","neve_meta_container":"","neve_meta_enable_content_width":"","neve_meta_content_width":0,"neve_meta_title_alignment":"","neve_meta_author_avatar":"","neve_post_elements_order":"","neve_meta_disable_header":"","neve_meta_disable_footer":"","neve_meta_disable_title":"","footnotes":""},"categories":[16],"tags":[],"class_list":["post-26","post","type-post","status-publish","format-standard","hentry","category-vystava-2022"],"builder_content":"<p><a href=\"https:\/\/www.vystavafretek.cz\/index.php\/2018\/09\/26\/pro-vystavovatele\/\">CZE<\/a> \/ <a href=\"https:\/\/www.vystavafretek.cz\/index.php\/2022\/08\/31\/information-for-exhibitors\/\">EN<\/a><\/p>\n<h2>Informace pro vystavovatele\/ky<\/h2> <p>Fretka mus\u00ed m\u00edt o\u010dkovac\u00ed pr\u016fkaz nebo mezin\u00e1rodn\u00ed pas zv\u00ed\u0159ete a b\u00fdt \u0159\u00e1dn\u011b o\u010dkovan\u00e1 proti vzteklin\u011b a proti psince. O\u010dkov\u00e1n\u00ed mus\u00ed b\u00fdt minim\u00e1ln\u011b 1 m\u011bs\u00edc a maxim\u00e1ln\u011b 1 rok star\u00e9 a platn\u00e9 v term\u00ednu v\u00fdstavy.\u00a0<\/p> <p>U \u010desk\u00fdch fretek v kategorii senior, kter\u00e1 byla cel\u00fd \u017eivot doposud o\u010dkov\u00e1na dle standardn\u00edho o\u010dkovac\u00edho sch\u00e9matu, akceptujeme v\u00fdjimku z o\u010dkov\u00e1n\u00ed proti vzteklin\u011b. Obdobn\u011b tak\u00e9 tolerujeme o\u010dkov\u00e1n\u00ed tzv. t\u0159\u00edletou vakc\u00ednou proti vzteklin\u011b. Z\u00e1rove\u0148 ale upozor\u0148ujeme, \u017ee studie prokazuj\u00edc\u00ed efekt vakc\u00edny po takovou dobu u fretek st\u00e1le nebyly provedeny (minim\u00e1ln\u011b u Biocanu). Fretky s reakc\u00ed na vakcinaci potvrzenou veterin\u00e1\u0159em samoz\u0159ejm\u011b p\u0159ijmeme taky.<\/p> <p>Ka\u017ed\u00e1 z\u00fa\u010dastn\u011bn\u00e1 fretka v\u010detn\u011b nevystavovan\u00fdch mus\u00ed m\u00edt v o\u010dkovac\u00edm pr\u016fkazu n\u00e1sleduj\u00edc\u00ed potvrzen\u00ed od sv\u00e9ho veterin\u00e1\u0159e maxim\u00e1ln\u011b 3 dny star\u00e9:<\/p> <ul> <li>veterin\u00e1rn\u00ed osv\u011bd\u010den\u00ed o klinick\u00e9m zdrav\u00ed fretky<\/li> <li>veterin\u00e1rn\u00ed vy\u0161et\u0159en\u00ed na p\u0159\u00edtomnost u\u0161n\u00edho svrabu, mus\u00ed zde b\u00fdt doslova uvedeno \u201evy\u0161et\u0159en\u00ed na u\u0161n\u00ed svrab je negativn\u00ed\u201c.<\/li> <\/ul> <p>Fretky, kter\u00e9 maj\u00ed vir\u00f3zu, pr\u016fjem, jsou pozitivn\u00ed na virus ECE, jsou gravidn\u00ed d\u00e9le jak 14 dn\u00ed \u010di maj\u00ed nezhojen\u00e9 opera\u010dn\u00ed r\u00e1ny, na v\u00fdstavu v jejich vlastn\u00edm zdravotn\u00edm z\u00e1jmu i zdravotn\u00edm z\u00e1jmu ostatn\u00edch \u00fa\u010dastn\u00edk\u016f, neberte. Fretce, kter\u00e1 neprojde vstupn\u00ed veterin\u00e1rn\u00ed prohl\u00eddkou, nebude umo\u017en\u011bna \u00fa\u010dast na v\u00fdstav\u011b bez n\u00e1hrady.<\/p> <p>Vystavuj\u00edc\u00ed se v den v\u00fdstavy dostav\u00ed na veterin\u00e1rn\u00ed p\u0159ej\u00edmku v \u010dase 8.30-9.30 p\u0159ed ofici\u00e1ln\u00edm zah\u00e1jen\u00edm v\u00fdstavy ke kontrole zdravotn\u00edho stavu vystavovan\u00fdch fretek.<\/p> <p>Doporu\u010dujeme, aby fretky m\u011bly \u010d\u00edslo v plemenn\u00e9 knize jak\u00e9hokoliv evropsk\u00e9ho klubu. Jedn\u00e1 se o nezbytnou podm\u00ednku pro uchovn\u011bn\u00ed fretky. V souladu s na\u0159\u00edzen\u00edm EU \u010d. 576\/2013 o neobchodn\u00edch p\u0159esunech zv\u00ed\u0159at v z\u00e1jmov\u00e9m chovu, vy\u017eadujeme u zahrani\u010dn\u00edch \u00fa\u010dastn\u00edk\u016f \u010dip a mezin\u00e1rodn\u00ed pas.<\/p> <p>Uchov\u0148ov\u00e1n\u00ed ostatn\u00edmi organizacemi b\u011bhem v\u00fdstavy bez p\u0159ede\u0161l\u00e9 domluvy nen\u00ed povoleno. Pokud bude organiz\u00e1torkami zji\u0161t\u011bno, budou vy\u017eadovat finan\u010dn\u00ed kompenzaci.<\/p> <p>V pr\u016fb\u011bhu v\u00fdstavy nen\u00ed dovoleno nakr\u00fdv\u00e1n\u00ed fretek. M\u016f\u017eete si zde ov\u0161em vybrat chovn\u00e9ho partnera pro svou fretku.<\/p> <p>Sv\u00e1 ostatn\u00ed zv\u00ed\u0159ata zanechte, pros\u00edm, doma. Nebudou do prostor kon\u00e1n\u00ed v\u00fdstavy vpu\u0161t\u011bna.<\/p> <p>Po\u0159adatel\u00e9 v\u00fdstavy neodpov\u00eddaj\u00ed za \u0161kody zp\u016fsoben\u00e9 vystavovatelem \u010di jeho zv\u00ed\u0159aty. Krom\u011b doby, v n\u00ed\u017e je fretka posuzovan\u00e1 porotcem, po\u0159adatel\u00e9 neodpov\u00eddaj\u00ed za poran\u011bn\u00ed, \u00fahyn nebo ztr\u00e1tu zv\u00ed\u0159ete.<\/p> <p>Vystavovatel je povinen si po dobu kon\u00e1n\u00ed v\u00fdstavy zabezpe\u010dit sv\u00e9 fretky tak, aby nedoch\u00e1zelo ke vz\u00e1jemn\u00e9mu napad\u00e1n\u00ed \u010di poran\u011bn\u00ed jin\u00fdch fretek \u010di osob.<\/p> <p>V p\u0159\u00edpad\u011b, \u017ee se v\u00fdstava z objektivn\u00edch p\u0159\u00ed\u010din nebude konat, poplatky budou pou\u017eity k \u00fahrad\u011b n\u00e1klad\u016f na v\u00fdstavu.<strong><br><\/strong><\/p>\n<a href=\"https:\/\/forms.gle\/4ySjfAqzMipwpF1R9\" target=\"_blank\" rel=\"noopener\">\n P\u0158IHL\u00c1SIT SE\n <\/a>","_links":{"self":[{"href":"https:\/\/www.vystavafretek.cz\/index.php\/wp-json\/wp\/v2\/posts\/26","targetHints":{"allow":["GET"]}}],"collection":[{"href":"https:\/\/www.vystavafretek.cz\/index.php\/wp-json\/wp\/v2\/posts"}],"about":[{"href":"https:\/\/www.vystavafretek.cz\/index.php\/wp-json\/wp\/v2\/types\/post"}],"author":[{"embeddable":true,"href":"https:\/\/www.vystavafretek.cz\/index.php\/wp-json\/wp\/v2\/users\/1"}],"replies":[{"embeddable":true,"href":"https:\/\/www.vystavafretek.cz\/index.php\/wp-json\/wp\/v2\/comments?post=26"}],"version-history":[{"count":88,"href":"https:\/\/www.vystavafretek.cz\/index.php\/wp-json\/wp\/v2\/posts\/26\/revisions"}],"predecessor-version":[{"id":1637,"href":"https:\/\/www.vystavafretek.cz\/index.php\/wp-json\/wp\/v2\/posts\/26\/revisions\/1637"}],"wp:attachment":[{"href":"https:\/\/www.vystavafretek.cz\/index.php\/wp-json\/wp\/v2\/media?parent=26"}],"wp:term":[{"taxonomy":"category","embeddable":true,"href":"https:\/\/www.vystavafretek.cz\/index.php\/wp-json\/wp\/v2\/categories?post=26"},{"taxonomy":"post_tag","embeddable":true,"href":"https:\/\/www.vystavafretek.cz\/index.php\/wp-json\/wp\/v2\/tags?post=26"}],"curies":[{"name":"wp","href":"https:\/\/api.w.org\/{rel}","templated":true}]}}